{"id":2137,"date":"2025-07-28T11:54:55","date_gmt":"2025-07-28T11:54:55","guid":{"rendered":"https:\/\/albarrio.com\/?p=2137"},"modified":"2025-07-28T15:04:55","modified_gmt":"2025-07-28T15:04:55","slug":"resultats-del-projecte-pilot-albarrio-a-barcelona","status":"publish","type":"post","link":"https:\/\/albarrio.com\/ca\/resultats-del-projecte-pilot-albarrio-a-barcelona\/","title":{"rendered":"Resultats del projecte pilot Albarrio a Barcelona"},"content":{"rendered":"\n<p>Despr\u00e9s de tres anys de projecte pilot als barris de Bar\u00f3 de Viver i Bon Pastor (2022-2025), publiquem l\u2019informe d\u2019avaluaci\u00f3 que sistematitza els resultats i aprenentatges per a l\u2019escalabilitat.<\/p>\n\n\n\n<p>Albarrio \u00e9s un model de treball en xarxa que promou una major adhesi\u00f3 a patrons de consum d\u2019alimentaci\u00f3 saludables i sostenibles. Ho fa activant referents comunitaris en una campanya coordinada d\u2019accions adre\u00e7ades a la ciutadania, assolint un impacte social col\u00b7lectiu.<\/p>\n\n\n\n<p>La metodologia en tres passos s\u2019explica de manera detallada en aquest <a href=\"https:\/\/albarrio.com\/wp-content\/uploads\/2025\/07\/Albarrio_Panis_protocolo_2025.pdf\">protocol<\/a>. El model d\u2019implantaci\u00f3 proposa dues iteracions d\u2019aquestes fases per consolidar els vincles i el treball en xarxa, aix\u00ed com donar temps al canvi de comportament en relaci\u00f3 amb l\u2019alimentaci\u00f3. Per aix\u00f2 es van realitzar dues campanyes adre\u00e7ades a la ciutadania: de juny a octubre de 2024 i de mar\u00e7 a juny de 2025.<\/p>\n\n\n\n<p><strong>Pas 1. Avaluaci\u00f3 del codisseny<\/strong><\/p>\n\n\n\n<p>Albarrio comen\u00e7a aplicant un enfocament comunitari i <em>bottom-up<\/em> per a la implantaci\u00f3 d\u2019un model de treball en xarxa escalable, alhora que adaptat a la realitat d\u2019un territori concret. L\u2019avaluaci\u00f3 se centra en el territori implicat, la mobilitzaci\u00f3 d\u2019actors i el calendari per als passos 2 i 3.<\/p>\n\n\n\n<p>Dades destacades:<\/p>\n\n\n\n<ul class=\"wp-block-list\">\n<li>El territori implicat s\u00f3n els barris <a href=\"https:\/\/albarrio.com\/ca\/projecte-pilot-barcelona\/\">Bar\u00f3 de Viver i Bon Pastor<\/a>, al districte de Sant Andreu de Barcelona i situats a la Franja Bes\u00f2s, amb una poblaci\u00f3 total de 16.277 habitants (2020).<\/li>\n\n\n\n<li>El projecte va mobilitzar m\u00e9s de 100 persones i 50 entitats relacionades amb tres perfils: serveis de salut comunit\u00e0ria i d\u2019atenci\u00f3 a les persones; comer\u00e7os locals de distribuci\u00f3 aliment\u00e0ria; i equipaments, teixit associatiu i entitats socials.<\/li>\n<\/ul>\n\n\n\n<p><strong>Pas 2. Avaluaci\u00f3 de les formacions<\/strong><\/p>\n\n\n\n<p>El segon pas implica dur a terme una formaci\u00f3 que capaciti els agents comunitaris sobre qu\u00e8 \u00e9s una alimentaci\u00f3 saludable i sostenible, alhora que permet alinear els actors en el concepte i els missatges clau a transmetre a la ciutadania. L\u2019avaluaci\u00f3 se centra en els referents formats, les entitats participants i una millora de la qualitat de la informaci\u00f3 disponible a trav\u00e9s d\u2019ells.<\/p>\n\n\n\n<p>Dades destacades:<\/p>\n\n\n\n<ul class=\"wp-block-list\">\n<li>Les formacions a professionals de la salut i agents del territori van comptar amb 84 assistents a les sessions, de 17 entitats, esdevenint referents d\u2019alimentaci\u00f3 saludable i sostenible al barri.<\/li>\n\n\n\n<li>Les 17 entitats participants van ser: l\u2019Ag\u00e8ncia de Salut P\u00fablica de Barcelona, el Centre d\u2019Atenci\u00f3 Prim\u00e0ria Bon Pastor, Nusos, Acci\u00f3 Contra la Fam, l\u2019associaci\u00f3 de paradistes del mercat municipal de Bon Pastor juntament amb l\u2019Institut Municipal de Mercats de Barcelona, Aula Ambiental de Sant Andreu, Biblioteca de Bon Pastor, Caf\u00e8 Elisa, Casal de Gent Gran Bon Pastor, Centre C\u00edvic Bon Pastor, Centre de Serveis Socials Franja Bes\u00f2s, Escola Bar\u00f3 de Viver, Escola Bressol Les Quatre Torres, Escola Institut El Til\u00b7ler, Fundaci\u00f3 Cel, Sin\u00e8rgics, Transforma\u2019t Bon Pastor.<\/li>\n\n\n\n<li>Els principals continguts de les formacions van ser: el dec\u00e0leg d\u2019alimentaci\u00f3 saludable i sostenible, etiquetatge alimentari, estrat\u00e8gies per menjar de forma saludable i sostenible amb pocs recursos, i disruptors endocrins. Tots van ser considerats entre rellevants i molt rellevants per la pr\u00e0ctica totalitat de les persones participants.<\/li>\n<\/ul>\n\n\n\n<p><strong>Pas 3. Avaluaci\u00f3 del proc\u00e9s d\u2019activaci\u00f3 de referents<\/strong><\/p>\n\n\n\n<p>El tercer pas \u00e9s treballar de manera coordinada en el desplegament de missatges i activitats per a la ciutadania, en un marc temporal conjunt. L\u2019avaluaci\u00f3 se centra en el canvi de comportament individual, comunitari i sist\u00e8mic facilitat per l\u2019activaci\u00f3 de referents en una campanya de difusi\u00f3 de recomanacions d\u2019alimentaci\u00f3, un punt d\u2019assessorament gratu\u00eft, activitats pr\u00f2pies de les entitats participants i l\u2019oferta d\u2019aliments.<\/p>\n\n\n\n<p>Dades destacades:<\/p>\n\n\n\n<ul class=\"wp-block-list\">\n<li>La difusi\u00f3 de recomanacions es va dur a terme a trav\u00e9s del lloc web, un perfil d\u2019Instagram, cartells, fullets i una llista de WhatsApp amb recomanacions i consells pr\u00e0ctics enviats setmanalment. Aquesta eina va ser valorada com a no invasiva i \u00fatil per prendre consci\u00e8ncia i promoure canvis d\u2019h\u00e0bits. Pel que fa als conceptes associats a la sostenibilitat (proximitat, temporada, pl\u00e0stics, malbaratament), s&#8217;han observat tend\u00e8ncies positives cap al canvi. Tamb\u00e9 es menciona la presa de consci\u00e8ncia sobre la necessitat de menjar m\u00e9s fruita, verdura i llegums. Es valoren molt els missatges concrets com ara receptes, consells pr\u00e0ctics, cercadors de productes de temporada, etiquetatge alimentari, etc.<\/li>\n\n\n\n<li>Un punt d\u2019assessorament gratu\u00eft ubicat en un punt clau de compra: el passad\u00eds d\u2019entrada al Mercat Municipal de Bon Pastor i compartit amb un supermercat Lidl. Des del punt es van realitzar 452 contactes amb persones del barri; tot i que va ser utilitzat m\u00e9s com a punt d\u2019informaci\u00f3 que d\u2019assessorament personalitzat, un 71% de les entitats participants el van valorar entre \u00fatil i molt \u00fatil.<\/li>\n\n\n\n<li>Entre les entitats socials (15) i les que ofereixen aliments (el mercat i un restaurant local), es van organitzar dins els seus programes 30 activitats per promoure l\u2019alimentaci\u00f3 saludable i sostenible.<\/li>\n<\/ul>\n\n\n\n<p>Totes les entitats van valorar <strong>entre molt \u00fatil (66%) i \u00fatil (44%)<\/strong> <strong>incorporar el tema de l\u2019alimentaci\u00f3 a les seves activitats<\/strong>. La mateixa valoraci\u00f3 va rebre la coordinaci\u00f3 amb altres entitats per a una activitat comuna. La iniciativa va generar vincles i noves interrelacions entre les entitats (m\u00e9s del 80% van entrar en contacte amb altres que no coneixien), a m\u00e9s d\u2019afavorir el treball de manera coordinada i amb una mateixa mirada.<\/p>\n\n\n\n<p>Tamb\u00e9 van percebre un alt nivell de satisfacci\u00f3 de les seves persones usu\u00e0ries amb les activitats dins del marc d\u2019Albarrio (4,1 sobre 5 punts). I l<strong>a satisfacci\u00f3 general amb la proposta Albarrio va ser de 4,4 punts sobre 5<\/strong>.<\/p>\n\n\n\n<p>Albarrio \u00e9s una iniciativa impulsada per la Fundaci\u00f3n Daniel y Nina Carasso. El projevcte pilot ha estat coordinat per UpSocial en col\u00b7laboraci\u00f3 amb l\u2019Ag\u00e8ncia de Salut P\u00fablica de Barcelona (ASPB), amb el suport de l\u2019Ajuntament de Barcelona en el marc de l\u2019Estrat\u00e8gia d\u2019Alimentaci\u00f3 Sostenible 2030. Aquest pilot es va emmarcar dins el <strong>projecte associat PANIS: Pobresa Nutricional i de Salut a Barcelona<\/strong>, en qu\u00e8 van participar la Universitat de Barcelona, l\u2019Institut de Ci\u00e8ncia i Tecnologia Ambientals de la Universitat Aut\u00f2noma de Barcelona (ICTA-UAB), l\u2019Institut Metr\u00f2poli i UpSocial; finan\u00e7at per l\u2019Ajuntament de Barcelona i la Fundaci\u00f3 \u201cla Caixa\u201d.<\/p>\n\n\n\n<p>\ud83d\udc49 <a href=\"https:\/\/albarrio.com\/wp-content\/uploads\/2025\/07\/Albarrio_Evaluacion_2022_2025.pdf\">Consulta i descarrega l&#8217;informe d&#8217;avaluaci\u00f3 Albarrio<\/a>.<\/p>\n","protected":false},"excerpt":{"rendered":"<p>Despr\u00e9s de tres anys de projecte pilot als barris de Bar\u00f3 de Viver i Bon Pastor (2022-2025), publiquem l\u2019informe d\u2019avaluaci\u00f3 que sistematitza els resultats i aprenentatges per a l\u2019escalabilitat. Albarrio \u00e9s un model de treball en xarxa que promou una major adhesi\u00f3 a patrons de consum d\u2019alimentaci\u00f3 saludables i sostenibles. Ho fa activant referents comunitaris&#8230;<\/p>\n","protected":false},"author":2,"featured_media":760,"comment_status":"open","ping_status":"closed","sticky":false,"template":"","format":"standard","meta":{"_kad_post_transparent":"","_kad_post_title":"","_kad_post_layout":"","_kad_post_sidebar_id":"","_kad_post_content_style":"","_kad_post_vertical_padding":"","_kad_post_feature":"","_kad_post_feature_position":"","_kad_post_header":false,"_kad_post_footer":false,"_kad_post_classname":"","footnotes":""},"categories":[11],"tags":[],"class_list":["post-2137","post","type-post","status-publish","format-standard","has-post-thumbnail","hentry","category-noticies"],"yoast_head":"<!-- This site is optimized with the Yoast SEO plugin v27.5 - https:\/\/yoast.com\/product\/yoast-seo-wordpress\/ -->\n<title>Resultats del projecte pilot Albarrio a Barcelona | Albarrio<\/title>\n<meta name=\"description\" content=\"Despr\u00e9s de tres anys de projecte pilot als barris de Bar\u00f3 de Viver i Bon Pastor (2022-2025), publiquem l\u2019informe d\u2019avaluaci\u00f3 que sistematitza els\" \/>\n<meta name=\"robots\" content=\"index, follow, max-snippet:-1, max-image-preview:large, max-video-preview:-1\" \/>\n<link rel=\"canonical\" href=\"https:\/\/albarrio.com\/ca\/resultats-del-projecte-pilot-albarrio-a-barcelona\/\" \/>\n<meta property=\"og:locale\" content=\"ca_ES\" \/>\n<meta property=\"og:type\" content=\"article\" \/>\n<meta property=\"og:title\" content=\"Resultats del projecte pilot Albarrio a Barcelona | Albarrio\" \/>\n<meta property=\"og:description\" content=\"Despr\u00e9s de tres anys de projecte pilot als barris de Bar\u00f3 de Viver i Bon Pastor (2022-2025), publiquem l\u2019informe d\u2019avaluaci\u00f3 que sistematitza els\" \/>\n<meta property=\"og:url\" content=\"https:\/\/albarrio.com\/ca\/resultats-del-projecte-pilot-albarrio-a-barcelona\/\" \/>\n<meta property=\"og:site_name\" content=\"Albarrio\" \/>\n<meta property=\"article:published_time\" content=\"2025-07-28T11:54:55+00:00\" \/>\n<meta property=\"article:modified_time\" content=\"2025-07-28T15:04:55+00:00\" \/>\n<meta property=\"og:image\" content=\"http:\/\/albarrio.com\/wp-content\/uploads\/2024\/03\/kiwi-3.jpg\" \/>\n\t<meta property=\"og:image:width\" content=\"1000\" \/>\n\t<meta property=\"og:image:height\" content=\"600\" \/>\n\t<meta property=\"og:image:type\" content=\"image\/jpeg\" \/>\n<meta name=\"author\" content=\"Viviana\" \/>\n<meta name=\"twitter:card\" content=\"summary_large_image\" \/>\n<meta name=\"twitter:label1\" content=\"Escrit per\" \/>\n\t<meta name=\"twitter:data1\" content=\"Viviana\" \/>\n\t<meta name=\"twitter:label2\" content=\"Temps estimat de lectura\" \/>\n\t<meta name=\"twitter:data2\" content=\"5 minuts\" \/>\n<script type=\"application\/ld+json\" class=\"yoast-schema-graph\">{\"@context\":\"https:\\\/\\\/schema.org\",\"@graph\":[{\"@type\":\"Article\",\"@id\":\"https:\\\/\\\/albarrio.com\\\/ca\\\/resultats-del-projecte-pilot-albarrio-a-barcelona\\\/#article\",\"isPartOf\":{\"@id\":\"https:\\\/\\\/albarrio.com\\\/ca\\\/resultats-del-projecte-pilot-albarrio-a-barcelona\\\/\"},\"author\":{\"name\":\"Viviana\",\"@id\":\"https:\\\/\\\/albarrio.com\\\/ca\\\/#\\\/schema\\\/person\\\/19dbc480081d47889a4c3956e02683dc\"},\"headline\":\"Resultats del projecte pilot Albarrio a Barcelona\",\"datePublished\":\"2025-07-28T11:54:55+00:00\",\"dateModified\":\"2025-07-28T15:04:55+00:00\",\"mainEntityOfPage\":{\"@id\":\"https:\\\/\\\/albarrio.com\\\/ca\\\/resultats-del-projecte-pilot-albarrio-a-barcelona\\\/\"},\"wordCount\":1060,\"commentCount\":0,\"publisher\":{\"@id\":\"https:\\\/\\\/albarrio.com\\\/ca\\\/#organization\"},\"image\":{\"@id\":\"https:\\\/\\\/albarrio.com\\\/ca\\\/resultats-del-projecte-pilot-albarrio-a-barcelona\\\/#primaryimage\"},\"thumbnailUrl\":\"https:\\\/\\\/albarrio.com\\\/wp-content\\\/uploads\\\/2024\\\/03\\\/kiwi-3.jpg\",\"articleSection\":[\"Noticies\"],\"inLanguage\":\"ca\",\"potentialAction\":[{\"@type\":\"CommentAction\",\"name\":\"Comment\",\"target\":[\"https:\\\/\\\/albarrio.com\\\/ca\\\/resultats-del-projecte-pilot-albarrio-a-barcelona\\\/#respond\"]}]},{\"@type\":\"WebPage\",\"@id\":\"https:\\\/\\\/albarrio.com\\\/ca\\\/resultats-del-projecte-pilot-albarrio-a-barcelona\\\/\",\"url\":\"https:\\\/\\\/albarrio.com\\\/ca\\\/resultats-del-projecte-pilot-albarrio-a-barcelona\\\/\",\"name\":\"Resultats del projecte pilot Albarrio a Barcelona | Albarrio\",\"isPartOf\":{\"@id\":\"https:\\\/\\\/albarrio.com\\\/ca\\\/#website\"},\"primaryImageOfPage\":{\"@id\":\"https:\\\/\\\/albarrio.com\\\/ca\\\/resultats-del-projecte-pilot-albarrio-a-barcelona\\\/#primaryimage\"},\"image\":{\"@id\":\"https:\\\/\\\/albarrio.com\\\/ca\\\/resultats-del-projecte-pilot-albarrio-a-barcelona\\\/#primaryimage\"},\"thumbnailUrl\":\"https:\\\/\\\/albarrio.com\\\/wp-content\\\/uploads\\\/2024\\\/03\\\/kiwi-3.jpg\",\"datePublished\":\"2025-07-28T11:54:55+00:00\",\"dateModified\":\"2025-07-28T15:04:55+00:00\",\"description\":\"Despr\u00e9s de tres anys de projecte pilot als barris de Bar\u00f3 de Viver i Bon Pastor (2022-2025), publiquem l\u2019informe d\u2019avaluaci\u00f3 que sistematitza els\",\"breadcrumb\":{\"@id\":\"https:\\\/\\\/albarrio.com\\\/ca\\\/resultats-del-projecte-pilot-albarrio-a-barcelona\\\/#breadcrumb\"},\"inLanguage\":\"ca\",\"potentialAction\":[{\"@type\":\"ReadAction\",\"target\":[\"https:\\\/\\\/albarrio.com\\\/ca\\\/resultats-del-projecte-pilot-albarrio-a-barcelona\\\/\"]}]},{\"@type\":\"ImageObject\",\"inLanguage\":\"ca\",\"@id\":\"https:\\\/\\\/albarrio.com\\\/ca\\\/resultats-del-projecte-pilot-albarrio-a-barcelona\\\/#primaryimage\",\"url\":\"https:\\\/\\\/albarrio.com\\\/wp-content\\\/uploads\\\/2024\\\/03\\\/kiwi-3.jpg\",\"contentUrl\":\"https:\\\/\\\/albarrio.com\\\/wp-content\\\/uploads\\\/2024\\\/03\\\/kiwi-3.jpg\",\"width\":1000,\"height\":600},{\"@type\":\"BreadcrumbList\",\"@id\":\"https:\\\/\\\/albarrio.com\\\/ca\\\/resultats-del-projecte-pilot-albarrio-a-barcelona\\\/#breadcrumb\",\"itemListElement\":[{\"@type\":\"ListItem\",\"position\":1,\"name\":\"Portada\",\"item\":\"https:\\\/\\\/albarrio.com\\\/ca\\\/\"},{\"@type\":\"ListItem\",\"position\":2,\"name\":\"Resultats del projecte pilot Albarrio a Barcelona\"}]},{\"@type\":\"WebSite\",\"@id\":\"https:\\\/\\\/albarrio.com\\\/ca\\\/#website\",\"url\":\"https:\\\/\\\/albarrio.com\\\/ca\\\/\",\"name\":\"Albarrio\",\"description\":\"Referentes de alimentaci\u00f3n en el barrio\",\"publisher\":{\"@id\":\"https:\\\/\\\/albarrio.com\\\/ca\\\/#organization\"},\"potentialAction\":[{\"@type\":\"SearchAction\",\"target\":{\"@type\":\"EntryPoint\",\"urlTemplate\":\"https:\\\/\\\/albarrio.com\\\/ca\\\/?s={search_term_string}\"},\"query-input\":{\"@type\":\"PropertyValueSpecification\",\"valueRequired\":true,\"valueName\":\"search_term_string\"}}],\"inLanguage\":\"ca\"},{\"@type\":\"Organization\",\"@id\":\"https:\\\/\\\/albarrio.com\\\/ca\\\/#organization\",\"name\":\"Albarrio\",\"url\":\"https:\\\/\\\/albarrio.com\\\/ca\\\/\",\"logo\":{\"@type\":\"ImageObject\",\"inLanguage\":\"ca\",\"@id\":\"https:\\\/\\\/albarrio.com\\\/ca\\\/#\\\/schema\\\/logo\\\/image\\\/\",\"url\":\"https:\\\/\\\/albarrio.com\\\/wp-content\\\/uploads\\\/2024\\\/02\\\/cropped-Albarrio-logo-verde.png\",\"contentUrl\":\"https:\\\/\\\/albarrio.com\\\/wp-content\\\/uploads\\\/2024\\\/02\\\/cropped-Albarrio-logo-verde.png\",\"width\":2237,\"height\":718,\"caption\":\"Albarrio\"},\"image\":{\"@id\":\"https:\\\/\\\/albarrio.com\\\/ca\\\/#\\\/schema\\\/logo\\\/image\\\/\"}},{\"@type\":\"Person\",\"@id\":\"https:\\\/\\\/albarrio.com\\\/ca\\\/#\\\/schema\\\/person\\\/19dbc480081d47889a4c3956e02683dc\",\"name\":\"Viviana\",\"image\":{\"@type\":\"ImageObject\",\"inLanguage\":\"ca\",\"@id\":\"https:\\\/\\\/secure.gravatar.com\\\/avatar\\\/0f9f7fc737b32ed21c6dc4718bcd7e65d24f39f79b815b154fb70cdb9e919db1?s=96&d=mm&r=g\",\"url\":\"https:\\\/\\\/secure.gravatar.com\\\/avatar\\\/0f9f7fc737b32ed21c6dc4718bcd7e65d24f39f79b815b154fb70cdb9e919db1?s=96&d=mm&r=g\",\"contentUrl\":\"https:\\\/\\\/secure.gravatar.com\\\/avatar\\\/0f9f7fc737b32ed21c6dc4718bcd7e65d24f39f79b815b154fb70cdb9e919db1?s=96&d=mm&r=g\",\"caption\":\"Viviana\"}}]}<\/script>\n<!-- \/ Yoast SEO plugin. -->","yoast_head_json":{"title":"Resultats del projecte pilot Albarrio a Barcelona | Albarrio","description":"Despr\u00e9s de tres anys de projecte pilot als barris de Bar\u00f3 de Viver i Bon Pastor (2022-2025), publiquem l\u2019informe d\u2019avaluaci\u00f3 que sistematitza els","robots":{"index":"index","follow":"follow","max-snippet":"max-snippet:-1","max-image-preview":"max-image-preview:large","max-video-preview":"max-video-preview:-1"},"canonical":"https:\/\/albarrio.com\/ca\/resultats-del-projecte-pilot-albarrio-a-barcelona\/","og_locale":"ca_ES","og_type":"article","og_title":"Resultats del projecte pilot Albarrio a Barcelona | Albarrio","og_description":"Despr\u00e9s de tres anys de projecte pilot als barris de Bar\u00f3 de Viver i Bon Pastor (2022-2025), publiquem l\u2019informe d\u2019avaluaci\u00f3 que sistematitza els","og_url":"https:\/\/albarrio.com\/ca\/resultats-del-projecte-pilot-albarrio-a-barcelona\/","og_site_name":"Albarrio","article_published_time":"2025-07-28T11:54:55+00:00","article_modified_time":"2025-07-28T15:04:55+00:00","og_image":[{"width":1000,"height":600,"url":"http:\/\/albarrio.com\/wp-content\/uploads\/2024\/03\/kiwi-3.jpg","type":"image\/jpeg"}],"author":"Viviana","twitter_card":"summary_large_image","twitter_misc":{"Escrit per":"Viviana","Temps estimat de lectura":"5 minuts"},"schema":{"@context":"https:\/\/schema.org","@graph":[{"@type":"Article","@id":"https:\/\/albarrio.com\/ca\/resultats-del-projecte-pilot-albarrio-a-barcelona\/#article","isPartOf":{"@id":"https:\/\/albarrio.com\/ca\/resultats-del-projecte-pilot-albarrio-a-barcelona\/"},"author":{"name":"Viviana","@id":"https:\/\/albarrio.com\/ca\/#\/schema\/person\/19dbc480081d47889a4c3956e02683dc"},"headline":"Resultats del projecte pilot Albarrio a Barcelona","datePublished":"2025-07-28T11:54:55+00:00","dateModified":"2025-07-28T15:04:55+00:00","mainEntityOfPage":{"@id":"https:\/\/albarrio.com\/ca\/resultats-del-projecte-pilot-albarrio-a-barcelona\/"},"wordCount":1060,"commentCount":0,"publisher":{"@id":"https:\/\/albarrio.com\/ca\/#organization"},"image":{"@id":"https:\/\/albarrio.com\/ca\/resultats-del-projecte-pilot-albarrio-a-barcelona\/#primaryimage"},"thumbnailUrl":"https:\/\/albarrio.com\/wp-content\/uploads\/2024\/03\/kiwi-3.jpg","articleSection":["Noticies"],"inLanguage":"ca","potentialAction":[{"@type":"CommentAction","name":"Comment","target":["https:\/\/albarrio.com\/ca\/resultats-del-projecte-pilot-albarrio-a-barcelona\/#respond"]}]},{"@type":"WebPage","@id":"https:\/\/albarrio.com\/ca\/resultats-del-projecte-pilot-albarrio-a-barcelona\/","url":"https:\/\/albarrio.com\/ca\/resultats-del-projecte-pilot-albarrio-a-barcelona\/","name":"Resultats del projecte pilot Albarrio a Barcelona | Albarrio","isPartOf":{"@id":"https:\/\/albarrio.com\/ca\/#website"},"primaryImageOfPage":{"@id":"https:\/\/albarrio.com\/ca\/resultats-del-projecte-pilot-albarrio-a-barcelona\/#primaryimage"},"image":{"@id":"https:\/\/albarrio.com\/ca\/resultats-del-projecte-pilot-albarrio-a-barcelona\/#primaryimage"},"thumbnailUrl":"https:\/\/albarrio.com\/wp-content\/uploads\/2024\/03\/kiwi-3.jpg","datePublished":"2025-07-28T11:54:55+00:00","dateModified":"2025-07-28T15:04:55+00:00","description":"Despr\u00e9s de tres anys de projecte pilot als barris de Bar\u00f3 de Viver i Bon Pastor (2022-2025), publiquem l\u2019informe d\u2019avaluaci\u00f3 que sistematitza els","breadcrumb":{"@id":"https:\/\/albarrio.com\/ca\/resultats-del-projecte-pilot-albarrio-a-barcelona\/#breadcrumb"},"inLanguage":"ca","potentialAction":[{"@type":"ReadAction","target":["https:\/\/albarrio.com\/ca\/resultats-del-projecte-pilot-albarrio-a-barcelona\/"]}]},{"@type":"ImageObject","inLanguage":"ca","@id":"https:\/\/albarrio.com\/ca\/resultats-del-projecte-pilot-albarrio-a-barcelona\/#primaryimage","url":"https:\/\/albarrio.com\/wp-content\/uploads\/2024\/03\/kiwi-3.jpg","contentUrl":"https:\/\/albarrio.com\/wp-content\/uploads\/2024\/03\/kiwi-3.jpg","width":1000,"height":600},{"@type":"BreadcrumbList","@id":"https:\/\/albarrio.com\/ca\/resultats-del-projecte-pilot-albarrio-a-barcelona\/#breadcrumb","itemListElement":[{"@type":"ListItem","position":1,"name":"Portada","item":"https:\/\/albarrio.com\/ca\/"},{"@type":"ListItem","position":2,"name":"Resultats del projecte pilot Albarrio a Barcelona"}]},{"@type":"WebSite","@id":"https:\/\/albarrio.com\/ca\/#website","url":"https:\/\/albarrio.com\/ca\/","name":"Albarrio","description":"Referentes de alimentaci\u00f3n en el barrio","publisher":{"@id":"https:\/\/albarrio.com\/ca\/#organization"},"potentialAction":[{"@type":"SearchAction","target":{"@type":"EntryPoint","urlTemplate":"https:\/\/albarrio.com\/ca\/?s={search_term_string}"},"query-input":{"@type":"PropertyValueSpecification","valueRequired":true,"valueName":"search_term_string"}}],"inLanguage":"ca"},{"@type":"Organization","@id":"https:\/\/albarrio.com\/ca\/#organization","name":"Albarrio","url":"https:\/\/albarrio.com\/ca\/","logo":{"@type":"ImageObject","inLanguage":"ca","@id":"https:\/\/albarrio.com\/ca\/#\/schema\/logo\/image\/","url":"https:\/\/albarrio.com\/wp-content\/uploads\/2024\/02\/cropped-Albarrio-logo-verde.png","contentUrl":"https:\/\/albarrio.com\/wp-content\/uploads\/2024\/02\/cropped-Albarrio-logo-verde.png","width":2237,"height":718,"caption":"Albarrio"},"image":{"@id":"https:\/\/albarrio.com\/ca\/#\/schema\/logo\/image\/"}},{"@type":"Person","@id":"https:\/\/albarrio.com\/ca\/#\/schema\/person\/19dbc480081d47889a4c3956e02683dc","name":"Viviana","image":{"@type":"ImageObject","inLanguage":"ca","@id":"https:\/\/secure.gravatar.com\/avatar\/0f9f7fc737b32ed21c6dc4718bcd7e65d24f39f79b815b154fb70cdb9e919db1?s=96&d=mm&r=g","url":"https:\/\/secure.gravatar.com\/avatar\/0f9f7fc737b32ed21c6dc4718bcd7e65d24f39f79b815b154fb70cdb9e919db1?s=96&d=mm&r=g","contentUrl":"https:\/\/secure.gravatar.com\/avatar\/0f9f7fc737b32ed21c6dc4718bcd7e65d24f39f79b815b154fb70cdb9e919db1?s=96&d=mm&r=g","caption":"Viviana"}}]}},"_links":{"self":[{"href":"https:\/\/albarrio.com\/ca\/wp-json\/wp\/v2\/posts\/2137","targetHints":{"allow":["GET"]}}],"collection":[{"href":"https:\/\/albarrio.com\/ca\/wp-json\/wp\/v2\/posts"}],"about":[{"href":"https:\/\/albarrio.com\/ca\/wp-json\/wp\/v2\/types\/post"}],"author":[{"embeddable":true,"href":"https:\/\/albarrio.com\/ca\/wp-json\/wp\/v2\/users\/2"}],"replies":[{"embeddable":true,"href":"https:\/\/albarrio.com\/ca\/wp-json\/wp\/v2\/comments?post=2137"}],"version-history":[{"count":0,"href":"https:\/\/albarrio.com\/ca\/wp-json\/wp\/v2\/posts\/2137\/revisions"}],"wp:featuredmedia":[{"embeddable":true,"href":"https:\/\/albarrio.com\/ca\/wp-json\/wp\/v2\/media\/760"}],"wp:attachment":[{"href":"https:\/\/albarrio.com\/ca\/wp-json\/wp\/v2\/media?parent=2137"}],"wp:term":[{"taxonomy":"category","embeddable":true,"href":"https:\/\/albarrio.com\/ca\/wp-json\/wp\/v2\/categories?post=2137"},{"taxonomy":"post_tag","embeddable":true,"href":"https:\/\/albarrio.com\/ca\/wp-json\/wp\/v2\/tags?post=2137"}],"curies":[{"name":"wp","href":"https:\/\/api.w.org\/{rel}","templated":true}]}}