{"id":1919,"date":"2025-02-26T16:05:00","date_gmt":"2025-02-26T16:05:00","guid":{"rendered":"https:\/\/albarrio.org\/?p=1919"},"modified":"2025-03-03T09:05:14","modified_gmt":"2025-03-03T09:05:14","slug":"albarrio-tambe-simplanta-a-saragossa","status":"publish","type":"post","link":"https:\/\/albarrio.com\/ca\/albarrio-tambe-simplanta-a-saragossa\/","title":{"rendered":"Albarrio tamb\u00e9 s&#8217;implanta a Saragossa"},"content":{"rendered":"\n<p>Albarrio es posa en marxa el barri Oliver de la ciutat de Saragossa.<\/p>\n\n\n\n<p>El barri compta amb una poblaci\u00f3 diversa i una hist\u00f2ria d&#8217;iniciatives ve\u00efnals. Destaca pel seu fort teixit comunitari, amb xarxes de suport, espais comunitaris i diverses entitats compromeses amb la millora de la qualitat de vida dels seus 17.000 habitants (2022).<\/p>\n\n\n\n<p>Seguint els aprenentatges de l&#8217;experi\u00e8ncia de Barcelona, Ecodes coordina la implantaci\u00f3 a Saragossa, aportant el seu coneixement del territori i en mat\u00e8ria d&#8217;alimentaci\u00f3 saludable i sostenible.<\/p>\n\n\n\n<p>El territorio: el barri Oliver<\/p>\n\n\n\n<p>El&nbsp;<a href=\"https:\/\/www.zaragoza.es\/sede\/portal\/participacion\/en-tu-barrio\/servicio\/distrito\/8\">barri Oliver<\/a>&nbsp;de Saragossa compta amb una poblaci\u00f3 diversa i una hist\u00f2ria d\u2019iniciatives ve\u00efnals. Destaca pel seu fort teixit comunitari, amb xarxes de suport, espais comunitaris i diverses entitats compromeses amb la millora de la qualitat de vida dels seus habitants 32.000 habitants (2022).<\/p>\n\n\n\n<p>Encara que el barri presenta desafiaments en termes d\u2019acc\u00e9s a una alimentaci\u00f3 sostenible i saludable, l\u2019exist\u00e8ncia d\u2019un centre de salut, equipaments p\u00fablics, centres educatius i associacions locals permet articular accions coordinades entorn de l\u2019educaci\u00f3 aliment\u00e0ria, la promoci\u00f3 de comer\u00e7os de proximitat i el foment d\u2019h\u00e0bits sostenibles i saludables.<\/p>\n\n\n\n<p>M\u00e9s informaci\u00f3 sobre el perfil del territori en <a href=\"http:\/\/albarrio.com\/wp-content\/uploads\/2025\/02\/Albarrio_TerritorioZGZ_2025.pdf\">aquest enlla\u00e7<\/a>.<\/p>\n\n\n\n<p><strong>Dates clau del projecte pilot<\/strong><\/p>\n\n\n\n<p><strong>Mar\u00e7 de 2024 \u2013 Febrer 2025. Codisseny amb la comunitat<\/strong><\/p>\n\n\n\n<p>Acostament a les entitats del barri i treball conjunt per a detectar necessitats en mat\u00e8ria d&#8217;alimentaci\u00f3 i actors de refer\u00e8ncia, aix\u00ed com oportunitats per a establir un model de treball en xarxa orientat a promoure patrons alimentaris saludables i sostenibles.<\/p>\n\n\n\n<p><strong>Mar\u00e7 2025 \u2013 Maig 2025. Formaci\u00f3 de referents d&#8217;alimentaci\u00f3 en el barri<\/strong><\/p>\n\n\n\n<p>\u2022 Tres sessions dirigides a professionals de la salut.<\/p>\n\n\n\n<p>\u2022 Tres sessions dirigides a agents del territori.<\/p>\n\n\n\n<p><strong>Abril 2025 \u2013 Juliol 2025. Activaci\u00f3 de referents<\/strong><\/p>\n\n\n\n<p>\u2022 Difusi\u00f3 de recomanacions d&#8217;alimentaci\u00f3 i consells pr\u00e0ctics.<\/p>\n\n\n\n<p>\u2022 Punt d&#8217;assessorament gratu\u00eft empla\u00e7ada un punt de compra clau del barri.<\/p>\n\n\n\n<p>\u2022 Activitats en les entitats del barri que en aquests moments s&#8217;estan definint.<\/p>\n\n\n\n<p><strong>Setembre 2025. Sistematitzaci\u00f3 de resultats.<\/strong><\/p>\n\n\n\n<p>La implantaci\u00f3 en paral\u00b7lel de totes dues experi\u00e8ncies permet accelerar el proc\u00e9s d&#8217;innovaci\u00f3 en nous territoris, alhora que s&#8217;enriqueix la definici\u00f3 d&#8217;un protocol d&#8217;intervenci\u00f3 que faciliti la implantaci\u00f3 a escala.<\/p>\n","protected":false},"excerpt":{"rendered":"<p>Albarrio es posa en marxa el barri Oliver de la ciutat de Saragossa. El barri compta amb una poblaci\u00f3 diversa i una hist\u00f2ria d&#8217;iniciatives ve\u00efnals. Destaca pel seu fort teixit comunitari, amb xarxes de suport, espais comunitaris i diverses entitats compromeses amb la millora de la qualitat de vida dels seus 17.000 habitants (2022). Seguint&#8230;<\/p>\n","protected":false},"author":2,"featured_media":39,"comment_status":"open","ping_status":"closed","sticky":false,"template":"","format":"standard","meta":{"_kad_post_transparent":"","_kad_post_title":"","_kad_post_layout":"","_kad_post_sidebar_id":"","_kad_post_content_style":"","_kad_post_vertical_padding":"","_kad_post_feature":"","_kad_post_feature_position":"","_kad_post_header":false,"_kad_post_footer":false,"_kad_post_classname":"","footnotes":""},"categories":[11],"tags":[],"class_list":["post-1919","post","type-post","status-publish","format-standard","has-post-thumbnail","hentry","category-noticies"],"yoast_head":"<!-- This site is optimized with the Yoast SEO plugin v27.5 - https:\/\/yoast.com\/product\/yoast-seo-wordpress\/ -->\n<title>Albarrio tamb\u00e9 s&#039;implanta a Saragossa | Albarrio<\/title>\n<meta name=\"description\" content=\"Albarrio es posa en marxa el barri Oliver de la ciutat de Saragossa. El barri compta amb una poblaci\u00f3 diversa i una hist\u00f2ria d&#039;iniciatives ve\u00efnals.\" \/>\n<meta name=\"robots\" content=\"index, follow, max-snippet:-1, max-image-preview:large, max-video-preview:-1\" \/>\n<link rel=\"canonical\" href=\"https:\/\/albarrio.com\/ca\/albarrio-tambe-simplanta-a-saragossa\/\" \/>\n<meta property=\"og:locale\" content=\"ca_ES\" \/>\n<meta property=\"og:type\" content=\"article\" \/>\n<meta property=\"og:title\" content=\"Albarrio tamb\u00e9 s&#039;implanta a Saragossa | Albarrio\" \/>\n<meta property=\"og:description\" content=\"Albarrio es posa en marxa el barri Oliver de la ciutat de Saragossa. El barri compta amb una poblaci\u00f3 diversa i una hist\u00f2ria d&#039;iniciatives ve\u00efnals.\" \/>\n<meta property=\"og:url\" content=\"https:\/\/albarrio.com\/ca\/albarrio-tambe-simplanta-a-saragossa\/\" \/>\n<meta property=\"og:site_name\" content=\"Albarrio\" \/>\n<meta property=\"article:published_time\" content=\"2025-02-26T16:05:00+00:00\" \/>\n<meta property=\"article:modified_time\" content=\"2025-03-03T09:05:14+00:00\" \/>\n<meta property=\"og:image\" content=\"https:\/\/albarrio.com\/wp-content\/uploads\/2024\/02\/Albarrio_composicio_1-1.jpg\" \/>\n\t<meta property=\"og:image:width\" content=\"1400\" \/>\n\t<meta property=\"og:image:height\" content=\"787\" \/>\n\t<meta property=\"og:image:type\" content=\"image\/jpeg\" \/>\n<meta name=\"author\" content=\"Viviana\" \/>\n<meta name=\"twitter:card\" content=\"summary_large_image\" \/>\n<meta name=\"twitter:label1\" content=\"Escrit per\" \/>\n\t<meta name=\"twitter:data1\" content=\"Viviana\" \/>\n\t<meta name=\"twitter:label2\" content=\"Temps estimat de lectura\" \/>\n\t<meta name=\"twitter:data2\" content=\"2 minuts\" \/>\n<script type=\"application\/ld+json\" class=\"yoast-schema-graph\">{\"@context\":\"https:\\\/\\\/schema.org\",\"@graph\":[{\"@type\":\"Article\",\"@id\":\"https:\\\/\\\/albarrio.com\\\/ca\\\/albarrio-tambe-simplanta-a-saragossa\\\/#article\",\"isPartOf\":{\"@id\":\"https:\\\/\\\/albarrio.com\\\/ca\\\/albarrio-tambe-simplanta-a-saragossa\\\/\"},\"author\":{\"name\":\"Viviana\",\"@id\":\"https:\\\/\\\/albarrio.com\\\/ca\\\/#\\\/schema\\\/person\\\/19dbc480081d47889a4c3956e02683dc\"},\"headline\":\"Albarrio tamb\u00e9 s&#8217;implanta a Saragossa\",\"datePublished\":\"2025-02-26T16:05:00+00:00\",\"dateModified\":\"2025-03-03T09:05:14+00:00\",\"mainEntityOfPage\":{\"@id\":\"https:\\\/\\\/albarrio.com\\\/ca\\\/albarrio-tambe-simplanta-a-saragossa\\\/\"},\"wordCount\":376,\"commentCount\":0,\"publisher\":{\"@id\":\"https:\\\/\\\/albarrio.com\\\/ca\\\/#organization\"},\"image\":{\"@id\":\"https:\\\/\\\/albarrio.com\\\/ca\\\/albarrio-tambe-simplanta-a-saragossa\\\/#primaryimage\"},\"thumbnailUrl\":\"https:\\\/\\\/albarrio.com\\\/wp-content\\\/uploads\\\/2024\\\/02\\\/Albarrio_composicio_1-1.jpg\",\"articleSection\":[\"Noticies\"],\"inLanguage\":\"ca\",\"potentialAction\":[{\"@type\":\"CommentAction\",\"name\":\"Comment\",\"target\":[\"https:\\\/\\\/albarrio.com\\\/ca\\\/albarrio-tambe-simplanta-a-saragossa\\\/#respond\"]}]},{\"@type\":\"WebPage\",\"@id\":\"https:\\\/\\\/albarrio.com\\\/ca\\\/albarrio-tambe-simplanta-a-saragossa\\\/\",\"url\":\"https:\\\/\\\/albarrio.com\\\/ca\\\/albarrio-tambe-simplanta-a-saragossa\\\/\",\"name\":\"Albarrio tamb\u00e9 s'implanta a Saragossa | Albarrio\",\"isPartOf\":{\"@id\":\"https:\\\/\\\/albarrio.com\\\/ca\\\/#website\"},\"primaryImageOfPage\":{\"@id\":\"https:\\\/\\\/albarrio.com\\\/ca\\\/albarrio-tambe-simplanta-a-saragossa\\\/#primaryimage\"},\"image\":{\"@id\":\"https:\\\/\\\/albarrio.com\\\/ca\\\/albarrio-tambe-simplanta-a-saragossa\\\/#primaryimage\"},\"thumbnailUrl\":\"https:\\\/\\\/albarrio.com\\\/wp-content\\\/uploads\\\/2024\\\/02\\\/Albarrio_composicio_1-1.jpg\",\"datePublished\":\"2025-02-26T16:05:00+00:00\",\"dateModified\":\"2025-03-03T09:05:14+00:00\",\"description\":\"Albarrio es posa en marxa el barri Oliver de la ciutat de Saragossa. El barri compta amb una poblaci\u00f3 diversa i una hist\u00f2ria d'iniciatives ve\u00efnals.\",\"breadcrumb\":{\"@id\":\"https:\\\/\\\/albarrio.com\\\/ca\\\/albarrio-tambe-simplanta-a-saragossa\\\/#breadcrumb\"},\"inLanguage\":\"ca\",\"potentialAction\":[{\"@type\":\"ReadAction\",\"target\":[\"https:\\\/\\\/albarrio.com\\\/ca\\\/albarrio-tambe-simplanta-a-saragossa\\\/\"]}]},{\"@type\":\"ImageObject\",\"inLanguage\":\"ca\",\"@id\":\"https:\\\/\\\/albarrio.com\\\/ca\\\/albarrio-tambe-simplanta-a-saragossa\\\/#primaryimage\",\"url\":\"https:\\\/\\\/albarrio.com\\\/wp-content\\\/uploads\\\/2024\\\/02\\\/Albarrio_composicio_1-1.jpg\",\"contentUrl\":\"https:\\\/\\\/albarrio.com\\\/wp-content\\\/uploads\\\/2024\\\/02\\\/Albarrio_composicio_1-1.jpg\",\"width\":1400,\"height\":787},{\"@type\":\"BreadcrumbList\",\"@id\":\"https:\\\/\\\/albarrio.com\\\/ca\\\/albarrio-tambe-simplanta-a-saragossa\\\/#breadcrumb\",\"itemListElement\":[{\"@type\":\"ListItem\",\"position\":1,\"name\":\"Portada\",\"item\":\"https:\\\/\\\/albarrio.com\\\/ca\\\/\"},{\"@type\":\"ListItem\",\"position\":2,\"name\":\"Albarrio tamb\u00e9 s&#8217;implanta a Saragossa\"}]},{\"@type\":\"WebSite\",\"@id\":\"https:\\\/\\\/albarrio.com\\\/ca\\\/#website\",\"url\":\"https:\\\/\\\/albarrio.com\\\/ca\\\/\",\"name\":\"Albarrio\",\"description\":\"Referentes de alimentaci\u00f3n en el barrio\",\"publisher\":{\"@id\":\"https:\\\/\\\/albarrio.com\\\/ca\\\/#organization\"},\"potentialAction\":[{\"@type\":\"SearchAction\",\"target\":{\"@type\":\"EntryPoint\",\"urlTemplate\":\"https:\\\/\\\/albarrio.com\\\/ca\\\/?s={search_term_string}\"},\"query-input\":{\"@type\":\"PropertyValueSpecification\",\"valueRequired\":true,\"valueName\":\"search_term_string\"}}],\"inLanguage\":\"ca\"},{\"@type\":\"Organization\",\"@id\":\"https:\\\/\\\/albarrio.com\\\/ca\\\/#organization\",\"name\":\"Albarrio\",\"url\":\"https:\\\/\\\/albarrio.com\\\/ca\\\/\",\"logo\":{\"@type\":\"ImageObject\",\"inLanguage\":\"ca\",\"@id\":\"https:\\\/\\\/albarrio.com\\\/ca\\\/#\\\/schema\\\/logo\\\/image\\\/\",\"url\":\"https:\\\/\\\/albarrio.com\\\/wp-content\\\/uploads\\\/2024\\\/02\\\/cropped-Albarrio-logo-verde.png\",\"contentUrl\":\"https:\\\/\\\/albarrio.com\\\/wp-content\\\/uploads\\\/2024\\\/02\\\/cropped-Albarrio-logo-verde.png\",\"width\":2237,\"height\":718,\"caption\":\"Albarrio\"},\"image\":{\"@id\":\"https:\\\/\\\/albarrio.com\\\/ca\\\/#\\\/schema\\\/logo\\\/image\\\/\"}},{\"@type\":\"Person\",\"@id\":\"https:\\\/\\\/albarrio.com\\\/ca\\\/#\\\/schema\\\/person\\\/19dbc480081d47889a4c3956e02683dc\",\"name\":\"Viviana\",\"image\":{\"@type\":\"ImageObject\",\"inLanguage\":\"ca\",\"@id\":\"https:\\\/\\\/secure.gravatar.com\\\/avatar\\\/0f9f7fc737b32ed21c6dc4718bcd7e65d24f39f79b815b154fb70cdb9e919db1?s=96&d=mm&r=g\",\"url\":\"https:\\\/\\\/secure.gravatar.com\\\/avatar\\\/0f9f7fc737b32ed21c6dc4718bcd7e65d24f39f79b815b154fb70cdb9e919db1?s=96&d=mm&r=g\",\"contentUrl\":\"https:\\\/\\\/secure.gravatar.com\\\/avatar\\\/0f9f7fc737b32ed21c6dc4718bcd7e65d24f39f79b815b154fb70cdb9e919db1?s=96&d=mm&r=g\",\"caption\":\"Viviana\"}}]}<\/script>\n<!-- \/ Yoast SEO plugin. -->","yoast_head_json":{"title":"Albarrio tamb\u00e9 s'implanta a Saragossa | Albarrio","description":"Albarrio es posa en marxa el barri Oliver de la ciutat de Saragossa. El barri compta amb una poblaci\u00f3 diversa i una hist\u00f2ria d'iniciatives ve\u00efnals.","robots":{"index":"index","follow":"follow","max-snippet":"max-snippet:-1","max-image-preview":"max-image-preview:large","max-video-preview":"max-video-preview:-1"},"canonical":"https:\/\/albarrio.com\/ca\/albarrio-tambe-simplanta-a-saragossa\/","og_locale":"ca_ES","og_type":"article","og_title":"Albarrio tamb\u00e9 s'implanta a Saragossa | Albarrio","og_description":"Albarrio es posa en marxa el barri Oliver de la ciutat de Saragossa. El barri compta amb una poblaci\u00f3 diversa i una hist\u00f2ria d'iniciatives ve\u00efnals.","og_url":"https:\/\/albarrio.com\/ca\/albarrio-tambe-simplanta-a-saragossa\/","og_site_name":"Albarrio","article_published_time":"2025-02-26T16:05:00+00:00","article_modified_time":"2025-03-03T09:05:14+00:00","og_image":[{"width":1400,"height":787,"url":"https:\/\/albarrio.com\/wp-content\/uploads\/2024\/02\/Albarrio_composicio_1-1.jpg","type":"image\/jpeg"}],"author":"Viviana","twitter_card":"summary_large_image","twitter_misc":{"Escrit per":"Viviana","Temps estimat de lectura":"2 minuts"},"schema":{"@context":"https:\/\/schema.org","@graph":[{"@type":"Article","@id":"https:\/\/albarrio.com\/ca\/albarrio-tambe-simplanta-a-saragossa\/#article","isPartOf":{"@id":"https:\/\/albarrio.com\/ca\/albarrio-tambe-simplanta-a-saragossa\/"},"author":{"name":"Viviana","@id":"https:\/\/albarrio.com\/ca\/#\/schema\/person\/19dbc480081d47889a4c3956e02683dc"},"headline":"Albarrio tamb\u00e9 s&#8217;implanta a Saragossa","datePublished":"2025-02-26T16:05:00+00:00","dateModified":"2025-03-03T09:05:14+00:00","mainEntityOfPage":{"@id":"https:\/\/albarrio.com\/ca\/albarrio-tambe-simplanta-a-saragossa\/"},"wordCount":376,"commentCount":0,"publisher":{"@id":"https:\/\/albarrio.com\/ca\/#organization"},"image":{"@id":"https:\/\/albarrio.com\/ca\/albarrio-tambe-simplanta-a-saragossa\/#primaryimage"},"thumbnailUrl":"https:\/\/albarrio.com\/wp-content\/uploads\/2024\/02\/Albarrio_composicio_1-1.jpg","articleSection":["Noticies"],"inLanguage":"ca","potentialAction":[{"@type":"CommentAction","name":"Comment","target":["https:\/\/albarrio.com\/ca\/albarrio-tambe-simplanta-a-saragossa\/#respond"]}]},{"@type":"WebPage","@id":"https:\/\/albarrio.com\/ca\/albarrio-tambe-simplanta-a-saragossa\/","url":"https:\/\/albarrio.com\/ca\/albarrio-tambe-simplanta-a-saragossa\/","name":"Albarrio tamb\u00e9 s'implanta a Saragossa | Albarrio","isPartOf":{"@id":"https:\/\/albarrio.com\/ca\/#website"},"primaryImageOfPage":{"@id":"https:\/\/albarrio.com\/ca\/albarrio-tambe-simplanta-a-saragossa\/#primaryimage"},"image":{"@id":"https:\/\/albarrio.com\/ca\/albarrio-tambe-simplanta-a-saragossa\/#primaryimage"},"thumbnailUrl":"https:\/\/albarrio.com\/wp-content\/uploads\/2024\/02\/Albarrio_composicio_1-1.jpg","datePublished":"2025-02-26T16:05:00+00:00","dateModified":"2025-03-03T09:05:14+00:00","description":"Albarrio es posa en marxa el barri Oliver de la ciutat de Saragossa. El barri compta amb una poblaci\u00f3 diversa i una hist\u00f2ria d'iniciatives ve\u00efnals.","breadcrumb":{"@id":"https:\/\/albarrio.com\/ca\/albarrio-tambe-simplanta-a-saragossa\/#breadcrumb"},"inLanguage":"ca","potentialAction":[{"@type":"ReadAction","target":["https:\/\/albarrio.com\/ca\/albarrio-tambe-simplanta-a-saragossa\/"]}]},{"@type":"ImageObject","inLanguage":"ca","@id":"https:\/\/albarrio.com\/ca\/albarrio-tambe-simplanta-a-saragossa\/#primaryimage","url":"https:\/\/albarrio.com\/wp-content\/uploads\/2024\/02\/Albarrio_composicio_1-1.jpg","contentUrl":"https:\/\/albarrio.com\/wp-content\/uploads\/2024\/02\/Albarrio_composicio_1-1.jpg","width":1400,"height":787},{"@type":"BreadcrumbList","@id":"https:\/\/albarrio.com\/ca\/albarrio-tambe-simplanta-a-saragossa\/#breadcrumb","itemListElement":[{"@type":"ListItem","position":1,"name":"Portada","item":"https:\/\/albarrio.com\/ca\/"},{"@type":"ListItem","position":2,"name":"Albarrio tamb\u00e9 s&#8217;implanta a Saragossa"}]},{"@type":"WebSite","@id":"https:\/\/albarrio.com\/ca\/#website","url":"https:\/\/albarrio.com\/ca\/","name":"Albarrio","description":"Referentes de alimentaci\u00f3n en el barrio","publisher":{"@id":"https:\/\/albarrio.com\/ca\/#organization"},"potentialAction":[{"@type":"SearchAction","target":{"@type":"EntryPoint","urlTemplate":"https:\/\/albarrio.com\/ca\/?s={search_term_string}"},"query-input":{"@type":"PropertyValueSpecification","valueRequired":true,"valueName":"search_term_string"}}],"inLanguage":"ca"},{"@type":"Organization","@id":"https:\/\/albarrio.com\/ca\/#organization","name":"Albarrio","url":"https:\/\/albarrio.com\/ca\/","logo":{"@type":"ImageObject","inLanguage":"ca","@id":"https:\/\/albarrio.com\/ca\/#\/schema\/logo\/image\/","url":"https:\/\/albarrio.com\/wp-content\/uploads\/2024\/02\/cropped-Albarrio-logo-verde.png","contentUrl":"https:\/\/albarrio.com\/wp-content\/uploads\/2024\/02\/cropped-Albarrio-logo-verde.png","width":2237,"height":718,"caption":"Albarrio"},"image":{"@id":"https:\/\/albarrio.com\/ca\/#\/schema\/logo\/image\/"}},{"@type":"Person","@id":"https:\/\/albarrio.com\/ca\/#\/schema\/person\/19dbc480081d47889a4c3956e02683dc","name":"Viviana","image":{"@type":"ImageObject","inLanguage":"ca","@id":"https:\/\/secure.gravatar.com\/avatar\/0f9f7fc737b32ed21c6dc4718bcd7e65d24f39f79b815b154fb70cdb9e919db1?s=96&d=mm&r=g","url":"https:\/\/secure.gravatar.com\/avatar\/0f9f7fc737b32ed21c6dc4718bcd7e65d24f39f79b815b154fb70cdb9e919db1?s=96&d=mm&r=g","contentUrl":"https:\/\/secure.gravatar.com\/avatar\/0f9f7fc737b32ed21c6dc4718bcd7e65d24f39f79b815b154fb70cdb9e919db1?s=96&d=mm&r=g","caption":"Viviana"}}]}},"_links":{"self":[{"href":"https:\/\/albarrio.com\/ca\/wp-json\/wp\/v2\/posts\/1919","targetHints":{"allow":["GET"]}}],"collection":[{"href":"https:\/\/albarrio.com\/ca\/wp-json\/wp\/v2\/posts"}],"about":[{"href":"https:\/\/albarrio.com\/ca\/wp-json\/wp\/v2\/types\/post"}],"author":[{"embeddable":true,"href":"https:\/\/albarrio.com\/ca\/wp-json\/wp\/v2\/users\/2"}],"replies":[{"embeddable":true,"href":"https:\/\/albarrio.com\/ca\/wp-json\/wp\/v2\/comments?post=1919"}],"version-history":[{"count":0,"href":"https:\/\/albarrio.com\/ca\/wp-json\/wp\/v2\/posts\/1919\/revisions"}],"wp:featuredmedia":[{"embeddable":true,"href":"https:\/\/albarrio.com\/ca\/wp-json\/wp\/v2\/media\/39"}],"wp:attachment":[{"href":"https:\/\/albarrio.com\/ca\/wp-json\/wp\/v2\/media?parent=1919"}],"wp:term":[{"taxonomy":"category","embeddable":true,"href":"https:\/\/albarrio.com\/ca\/wp-json\/wp\/v2\/categories?post=1919"},{"taxonomy":"post_tag","embeddable":true,"href":"https:\/\/albarrio.com\/ca\/wp-json\/wp\/v2\/tags?post=1919"}],"curies":[{"name":"wp","href":"https:\/\/api.w.org\/{rel}","templated":true}]}}