{"id":1265,"date":"2023-11-01T11:42:10","date_gmt":"2023-11-01T11:42:10","guid":{"rendered":"https:\/\/albarrio.org\/referents-comunitaris-en-alimentacio-saludable-i-sostenible-un-model-innovador\/"},"modified":"2024-03-22T09:21:44","modified_gmt":"2024-03-22T09:21:44","slug":"referents-comunitaris-en-alimentacio-saludable-i-sostenible-un-model-innovador","status":"publish","type":"post","link":"https:\/\/albarrio.com\/ca\/referents-comunitaris-en-alimentacio-saludable-i-sostenible-un-model-innovador\/","title":{"rendered":"Referents comunitaris en alimentaci\u00f3 saludable i sostenible: un model innovador"},"content":{"rendered":"\n<p>Albarrio \u00e9s una iniciativa que cerca activar referents d&#8217;alimentaci\u00f3 saludable i sostenible a nivell de barri. El seu objectiu \u00e9s aconseguir m\u00e9s adhesi\u00f3 a patrons d&#8217;alimentaci\u00f3 que siguin saludables tant per a les persones com per al planeta.<\/p>\n\n<h2 class=\"wp-block-heading\"><strong>Per qu\u00e8 activar referents d&#8217;alimentaci\u00f3 al barri?<\/strong><\/h2>\n\n<p>L&#8217;empitjorament de la dieta de la poblaci\u00f3 espanyola \u00e9s un fet constatat per diversos estudis. Espanya \u00e9s un cas representatiu de les <a href=\"https:\/\/alimentta.com\/la-relacion-natural-entre-agroecologia-y-salud\/\">desviacions dels patrons alimentaris<\/a> que han condu\u00eft a un augment notable de les persones amb sobrep\u00e8s i obesitat, aix\u00ed com a una alta prevalen\u00e7a de malalties cr\u00f2niques associades a una dieta de mala qualitat, com ara diabetis tipus 2 o malalties cardiovasculars.<\/p>\n\n<p>A aquesta realitat s&#8217;hi afegeix que l&#8217;alimentaci\u00f3 \u00e9s <a href=\"https:\/\/alimentta.com\/sabias-quela-alimentacion-es-la-actividad-humana-con-mayor-impacto-sobre-el-clima\/\">l&#8217;activitat humana amb m\u00e9s impacte<\/a> sobre el clima i responsable d&#8217;un ter\u00e7 de les emissions de gasos amb efecte d&#8217;hivernacle. <\/p>\n\n<p>Tot i aix\u00f2, un dels grans obstacles per accedir a una alimentaci\u00f3 que sigui saludable per a les persones i per al planeta \u00e9s el <a href=\"https:\/\/lamesa-lab.org\/pdf\/LaMesa_iniciativa.pdf\">volum, la disparitat i la manca de rigor en la informaci\u00f3<\/a> respecte a qu\u00e8 \u00e9s (o no) una alimentaci\u00f3 saludable i sostenible . <\/p>\n\n<p>Les persones consumidores ens veiem bombardejades amb informaci\u00f3, moltes vegades contradict\u00f2ria, per la qual cosa comptar amb fonts fiables pot ser determinant per iniciar un canvi de comportament en relaci\u00f3 amb all\u00f2 que mengem. <\/p>\n\n<p>Partint d\u00b4aquesta premissa, Albarrio proposa l\u00b4activaci\u00f3 de referents d\u00b4alimentaci\u00f3 al barri. Un model innovador que forma persones i entitats de confian\u00e7a del nostre entorn perqu\u00e8 proporcionin a la ciutadania informaci\u00f3 contrastada i de qualitat. <\/p>\n\n<h3 class=\"wp-block-heading\"><strong>Qui pot ser referent comunitari d&#8217;alimentaci\u00f3?<\/strong><\/h3>\n\n<p>Un dels pilars d&#8217;Albarrio \u00e9s la salut com a palanca clau per desencadenar canvis de comportament. El nostre primer referent de salut, per la proximitat i la confian\u00e7a, s\u00f3n els professionals de la salut: el quadre d&#8217;infermeria, dietistes-nutricionistes i metge del sistema p\u00fablic de salut (a Catalunya denominats CAP o Centres d&#8217;Atenci\u00f3 Prim\u00e0ria). <\/p>\n\n<p>Albarrio activa aquests equips, com a encarregats d&#8217;oferir una formaci\u00f3 en mat\u00e8ria d&#8217;alimentaci\u00f3 a la xarxa d&#8217;agents del barri, \u00e9s a dir, a les persones que treballen als centres c\u00edvics, els mercats, l&#8217;associaci\u00f3 de ve\u00efns, la biblioteca, les farm\u00e0cies, les escoles, etc.<\/p>\n\n<p>Aquestes formacions es realitzen al voltant de 10 recomanacions clau: <\/p>\n\n<ol class=\"wp-block-list\">\n<li>Prioritzar aliments frescos (sense processar) i d\u2019origen vegetal, augmentant el consum de fruites, hortalisses, llegums, cereals (pa, arr\u00f2s, pasta\u2026) i fruits secs.<\/li>\n\n\n\n<li>Utilitzar oli d\u2019oliva verge com a grassa habitual per cuinar i per amanides.<\/li>\n\n\n\n<li>Comprar aliments de temporada, de proximitat i al pes.<\/li>\n\n\n\n<li>Evitar productos ultraprocesados (como boller\u00eda o platos preparados).<\/li>\n\n\n\n<li> Consumir peix setmanalment, prioritzant peix blau de mida petita i de temporada.<\/li>\n\n\n\n<li>Beure aigua de l\u2019aixeta.<\/li>\n\n\n\n<li>Si consumeixes carn, que sigui un m\u00e0xim de 3 vegades per setmana, prioritzant aus de corral i conill.<\/li>\n\n\n\n<li>Organizar compras y comidas, evitando el desperdicio alimentario.<\/li>\n\n\n\n<li>Evitar pl\u00e0stics i embalatges innecessaris.<\/li>\n\n\n\n<li>Consumir, en la medida de lo posible, alimentos ecol\u00f3gicos.<\/li>\n<\/ol>\n\n<p>Es tracta d\u00b4un dec\u00e0leg que permet alinear els missatges que els diversos agents comunitaris ofereixen a la ciutadania, seguint les recomanacions d\u00b4institucions de refer\u00e8ncia com l\u00b4Organitzaci\u00f3 Mundial de la Salut (OMS) i l\u00b4AESAN (Ag\u00e8ncia Estatal de Seguretat Aliment\u00e0ria i Nutrici\u00f3), recopilades per l&#8217;equip cient\u00edfic d&#8217;Alimentta. <\/p>\n\n<h2 class=\"wp-block-heading\">Qu\u00e8 implica activar referents comunitaris? <\/h2>\n\n<p>La formaci\u00f3 de persones com a referents dalimentaci\u00f3 al barri es combina amb una campanya conjunta de comunicaci\u00f3 i amb accions locals per facilitar lacc\u00e9s a aliments saludables i sostenibles. <\/p>\n\n<p>Les entitats del barri poden sumar-se a aquesta iniciativa col\u00b7laborant en la difusi\u00f3 de la campanya conjunta a la ciutadania, o b\u00e9 participar-hi implicant-se en l&#8217;organitzaci\u00f3 d&#8217;activitats. Aquestes poden ser des de millorar l&#8217;oferta d&#8217;aliments per facilitar una compra saludable i sostenible, fins a tallers per aprendre a comprar i cuinar aix\u00ed, o b\u00e9 activitats com cursos que aprofundeixin en les recomanacions del dec\u00e0leg. <\/p>\n\n<h3 class=\"wp-block-heading\">Un model innovador<\/h3>\n\n<p>Albarrio opera a nivell de la demanda, connectant salut i alimentaci\u00f3 per motivar un consum saludable i sostenible. I, a nivell de l&#8217;oferta, buscant oportunitats que facilitin l&#8217;acc\u00e9s a aquest tipus d&#8217;alimentaci\u00f3 al mercat local.<\/p>\n\n<p>Aquesta combinaci\u00f3 t\u00e9 el potencial de millorar l&#8217;articulaci\u00f3 de la demanda i l&#8217;oferta a nivell local amb un impacte positiu en les persones i el planeta, alhora que es fomenta la millora de les oportunitats i condicions del comer\u00e7 verd i de proximitat. <\/p>\n\n<p>D&#8217;aquesta manera, les persones consumidores podem exercir un rol clau per desencadenar canvis a nivell individual i comunitari que contribueixin a la transformaci\u00f3 del sistema alimentari, cap a un model m\u00e9s resilient, sostenible i just.<\/p>\n\n<h3 class=\"wp-block-heading\">Qui promou Albarrio?<\/h3>\n\n<p>Albarrio \u00e9s la implantaci\u00f3 d&#8217;una iniciativa que va sorgir del treball col\u00b7laboratiu de diversos agents en el <a href=\"https:\/\/lamesa-lab.org\/\">social lab La Mesa<\/a>, amb l&#8217;objectiu de contribuir a un millor acc\u00e9s a alimentaci\u00f3 saludable i sostenible, en particular persones o llars en situaci\u00f3 de vulnerabilitat. <\/p>\n\n<p>El 2022-2023, i amb el suport de la Fundaci\u00f3 Daniel i Nina Carasso, <a href=\"https:\/\/upsocial.org\/es\">UpSocial<\/a> va liderar el codisseny del model d&#8217;intervenci\u00f3 treballant amb la poblaci\u00f3 i les entitats dels barris Bar\u00f3 de Viver i Bon Pastor de Barcelona, en col\u00b7laboraci\u00f3 amb la <a href=\"https:\/\/www.aspb.cat\/es\/\">Ag\u00e8ncia de Salut P\u00fablica de Barcelona (ASPB)<\/a>, l&#8217;Ajuntament de Barcelona, el Centre d&#8217;Atenci\u00f3 Prim\u00e0ria Bon Pastor, l&#8217;Institut Municipal de Mercats de Barcelona (IMMB), el Pla Estrat\u00e8gic Metropolit\u00e0 de Barcelona (PEMB) i l&#8217;assessorament cient\u00edfic d&#8217;Alimentta, think tank per a la transici\u00f3 aliment\u00e0ria.<\/p>\n\n<p>Entre 2023 i 2025, i amb el suport de la <a href=\"https:\/\/www.fondationcarasso.org\/es\/\">Fundaci\u00f3 Daniel i Nina Carasso<\/a>, l&#8217; <a href=\"https:\/\/ajuntament.barcelona.cat\/es\/\">Ajuntament de Barcelona<\/a> en el marc de l&#8217; <a href=\"https:\/\/www.alimentaciosostenible.barcelona\/es\/estrategia-de-alimentacion-saludable-y-sostenible-barcelona-2030\">Estrat\u00e8gia d&#8217;Alimentaci\u00f3 Sostenible 2030<\/a> i la <a href=\"https:\/\/fundacionlacaixa.org\/es\/\">Fundaci\u00f3 \u201cla Caixa\u201d<\/a>, i emmarcat al projecte PANIS, UpSocial coordina la implantaci\u00f3 del projecte pilot d&#8217;Albarrio, amb entitats participants i col\u00b7laboradores.<\/p>\n","protected":false},"excerpt":{"rendered":"<p>Albarrio \u00e9s una iniciativa que cerca activar referents d&#8217;alimentaci\u00f3 saludable i sostenible a nivell de barri. El seu objectiu \u00e9s aconseguir m\u00e9s adhesi\u00f3 a patrons d&#8217;alimentaci\u00f3 que siguin saludables tant per a les persones com per al planeta. Per qu\u00e8 activar referents d&#8217;alimentaci\u00f3 al barri? L&#8217;empitjorament de la dieta de la poblaci\u00f3 espanyola \u00e9s un&#8230;<\/p>\n","protected":false},"author":1,"featured_media":41,"comment_status":"open","ping_status":"closed","sticky":false,"template":"","format":"standard","meta":{"_kad_post_transparent":"","_kad_post_title":"","_kad_post_layout":"","_kad_post_sidebar_id":"","_kad_post_content_style":"","_kad_post_vertical_padding":"","_kad_post_feature":"","_kad_post_feature_position":"","_kad_post_header":false,"_kad_post_footer":false,"_kad_post_classname":"","footnotes":""},"categories":[11],"tags":[],"class_list":["post-1265","post","type-post","status-publish","format-standard","has-post-thumbnail","hentry","category-noticies"],"yoast_head":"<!-- This site is optimized with the Yoast SEO plugin v27.5 - https:\/\/yoast.com\/product\/yoast-seo-wordpress\/ -->\n<title>Referents comunitaris en alimentaci\u00f3 saludable i sostenible: un model innovador | Albarrio<\/title>\n<meta name=\"description\" content=\"Albarrio \u00e9s una iniciativa que cerca activar referents d&#039;alimentaci\u00f3 saludable i sostenible a nivell de barri. El seu objectiu \u00e9s aconseguir m\u00e9s adhesi\u00f3 a\" \/>\n<meta name=\"robots\" content=\"index, follow, max-snippet:-1, max-image-preview:large, max-video-preview:-1\" \/>\n<link rel=\"canonical\" href=\"https:\/\/albarrio.com\/ca\/referents-comunitaris-en-alimentacio-saludable-i-sostenible-un-model-innovador\/\" \/>\n<meta property=\"og:locale\" content=\"ca_ES\" \/>\n<meta property=\"og:type\" content=\"article\" \/>\n<meta property=\"og:title\" content=\"Referents comunitaris en alimentaci\u00f3 saludable i sostenible: un model innovador | Albarrio\" \/>\n<meta property=\"og:description\" content=\"Albarrio \u00e9s una iniciativa que cerca activar referents d&#039;alimentaci\u00f3 saludable i sostenible a nivell de barri. El seu objectiu \u00e9s aconseguir m\u00e9s adhesi\u00f3 a\" \/>\n<meta property=\"og:url\" content=\"https:\/\/albarrio.com\/ca\/referents-comunitaris-en-alimentacio-saludable-i-sostenible-un-model-innovador\/\" \/>\n<meta property=\"og:site_name\" content=\"Albarrio\" \/>\n<meta property=\"article:published_time\" content=\"2023-11-01T11:42:10+00:00\" \/>\n<meta property=\"article:modified_time\" content=\"2024-03-22T09:21:44+00:00\" \/>\n<meta property=\"og:image\" content=\"https:\/\/albarrio.com\/wp-content\/uploads\/2024\/02\/Albarrio_composicio_2.jpg\" \/>\n\t<meta property=\"og:image:width\" content=\"1400\" \/>\n\t<meta property=\"og:image:height\" content=\"787\" \/>\n\t<meta property=\"og:image:type\" content=\"image\/jpeg\" \/>\n<meta name=\"author\" content=\"admin\" \/>\n<meta name=\"twitter:card\" content=\"summary_large_image\" \/>\n<meta name=\"twitter:label1\" content=\"Escrit per\" \/>\n\t<meta name=\"twitter:data1\" content=\"admin\" \/>\n\t<meta name=\"twitter:label2\" content=\"Temps estimat de lectura\" \/>\n\t<meta name=\"twitter:data2\" content=\"5 minuts\" \/>\n<script type=\"application\/ld+json\" class=\"yoast-schema-graph\">{\"@context\":\"https:\\\/\\\/schema.org\",\"@graph\":[{\"@type\":\"Article\",\"@id\":\"https:\\\/\\\/albarrio.com\\\/ca\\\/referents-comunitaris-en-alimentacio-saludable-i-sostenible-un-model-innovador\\\/#article\",\"isPartOf\":{\"@id\":\"https:\\\/\\\/albarrio.com\\\/ca\\\/referents-comunitaris-en-alimentacio-saludable-i-sostenible-un-model-innovador\\\/\"},\"author\":{\"name\":\"admin\",\"@id\":\"https:\\\/\\\/albarrio.com\\\/ca\\\/#\\\/schema\\\/person\\\/39f3884830dbcf1a163b6451e498af33\"},\"headline\":\"Referents comunitaris en alimentaci\u00f3 saludable i sostenible: un model innovador\",\"datePublished\":\"2023-11-01T11:42:10+00:00\",\"dateModified\":\"2024-03-22T09:21:44+00:00\",\"mainEntityOfPage\":{\"@id\":\"https:\\\/\\\/albarrio.com\\\/ca\\\/referents-comunitaris-en-alimentacio-saludable-i-sostenible-un-model-innovador\\\/\"},\"wordCount\":1006,\"commentCount\":0,\"publisher\":{\"@id\":\"https:\\\/\\\/albarrio.com\\\/ca\\\/#organization\"},\"image\":{\"@id\":\"https:\\\/\\\/albarrio.com\\\/ca\\\/referents-comunitaris-en-alimentacio-saludable-i-sostenible-un-model-innovador\\\/#primaryimage\"},\"thumbnailUrl\":\"https:\\\/\\\/albarrio.com\\\/wp-content\\\/uploads\\\/2024\\\/02\\\/Albarrio_composicio_2.jpg\",\"articleSection\":[\"Noticies\"],\"inLanguage\":\"ca\",\"potentialAction\":[{\"@type\":\"CommentAction\",\"name\":\"Comment\",\"target\":[\"https:\\\/\\\/albarrio.com\\\/ca\\\/referents-comunitaris-en-alimentacio-saludable-i-sostenible-un-model-innovador\\\/#respond\"]}]},{\"@type\":\"WebPage\",\"@id\":\"https:\\\/\\\/albarrio.com\\\/ca\\\/referents-comunitaris-en-alimentacio-saludable-i-sostenible-un-model-innovador\\\/\",\"url\":\"https:\\\/\\\/albarrio.com\\\/ca\\\/referents-comunitaris-en-alimentacio-saludable-i-sostenible-un-model-innovador\\\/\",\"name\":\"Referents comunitaris en alimentaci\u00f3 saludable i sostenible: un model innovador | Albarrio\",\"isPartOf\":{\"@id\":\"https:\\\/\\\/albarrio.com\\\/ca\\\/#website\"},\"primaryImageOfPage\":{\"@id\":\"https:\\\/\\\/albarrio.com\\\/ca\\\/referents-comunitaris-en-alimentacio-saludable-i-sostenible-un-model-innovador\\\/#primaryimage\"},\"image\":{\"@id\":\"https:\\\/\\\/albarrio.com\\\/ca\\\/referents-comunitaris-en-alimentacio-saludable-i-sostenible-un-model-innovador\\\/#primaryimage\"},\"thumbnailUrl\":\"https:\\\/\\\/albarrio.com\\\/wp-content\\\/uploads\\\/2024\\\/02\\\/Albarrio_composicio_2.jpg\",\"datePublished\":\"2023-11-01T11:42:10+00:00\",\"dateModified\":\"2024-03-22T09:21:44+00:00\",\"description\":\"Albarrio \u00e9s una iniciativa que cerca activar referents d'alimentaci\u00f3 saludable i sostenible a nivell de barri. El seu objectiu \u00e9s aconseguir m\u00e9s adhesi\u00f3 a\",\"breadcrumb\":{\"@id\":\"https:\\\/\\\/albarrio.com\\\/ca\\\/referents-comunitaris-en-alimentacio-saludable-i-sostenible-un-model-innovador\\\/#breadcrumb\"},\"inLanguage\":\"ca\",\"potentialAction\":[{\"@type\":\"ReadAction\",\"target\":[\"https:\\\/\\\/albarrio.com\\\/ca\\\/referents-comunitaris-en-alimentacio-saludable-i-sostenible-un-model-innovador\\\/\"]}]},{\"@type\":\"ImageObject\",\"inLanguage\":\"ca\",\"@id\":\"https:\\\/\\\/albarrio.com\\\/ca\\\/referents-comunitaris-en-alimentacio-saludable-i-sostenible-un-model-innovador\\\/#primaryimage\",\"url\":\"https:\\\/\\\/albarrio.com\\\/wp-content\\\/uploads\\\/2024\\\/02\\\/Albarrio_composicio_2.jpg\",\"contentUrl\":\"https:\\\/\\\/albarrio.com\\\/wp-content\\\/uploads\\\/2024\\\/02\\\/Albarrio_composicio_2.jpg\",\"width\":1400,\"height\":787},{\"@type\":\"BreadcrumbList\",\"@id\":\"https:\\\/\\\/albarrio.com\\\/ca\\\/referents-comunitaris-en-alimentacio-saludable-i-sostenible-un-model-innovador\\\/#breadcrumb\",\"itemListElement\":[{\"@type\":\"ListItem\",\"position\":1,\"name\":\"Portada\",\"item\":\"https:\\\/\\\/albarrio.com\\\/ca\\\/\"},{\"@type\":\"ListItem\",\"position\":2,\"name\":\"Referents comunitaris en alimentaci\u00f3 saludable i sostenible: un model innovador\"}]},{\"@type\":\"WebSite\",\"@id\":\"https:\\\/\\\/albarrio.com\\\/ca\\\/#website\",\"url\":\"https:\\\/\\\/albarrio.com\\\/ca\\\/\",\"name\":\"Albarrio\",\"description\":\"Referentes de alimentaci\u00f3n en el barrio\",\"publisher\":{\"@id\":\"https:\\\/\\\/albarrio.com\\\/ca\\\/#organization\"},\"potentialAction\":[{\"@type\":\"SearchAction\",\"target\":{\"@type\":\"EntryPoint\",\"urlTemplate\":\"https:\\\/\\\/albarrio.com\\\/ca\\\/?s={search_term_string}\"},\"query-input\":{\"@type\":\"PropertyValueSpecification\",\"valueRequired\":true,\"valueName\":\"search_term_string\"}}],\"inLanguage\":\"ca\"},{\"@type\":\"Organization\",\"@id\":\"https:\\\/\\\/albarrio.com\\\/ca\\\/#organization\",\"name\":\"Albarrio\",\"url\":\"https:\\\/\\\/albarrio.com\\\/ca\\\/\",\"logo\":{\"@type\":\"ImageObject\",\"inLanguage\":\"ca\",\"@id\":\"https:\\\/\\\/albarrio.com\\\/ca\\\/#\\\/schema\\\/logo\\\/image\\\/\",\"url\":\"https:\\\/\\\/albarrio.com\\\/wp-content\\\/uploads\\\/2024\\\/02\\\/cropped-Albarrio-logo-verde.png\",\"contentUrl\":\"https:\\\/\\\/albarrio.com\\\/wp-content\\\/uploads\\\/2024\\\/02\\\/cropped-Albarrio-logo-verde.png\",\"width\":2237,\"height\":718,\"caption\":\"Albarrio\"},\"image\":{\"@id\":\"https:\\\/\\\/albarrio.com\\\/ca\\\/#\\\/schema\\\/logo\\\/image\\\/\"}},{\"@type\":\"Person\",\"@id\":\"https:\\\/\\\/albarrio.com\\\/ca\\\/#\\\/schema\\\/person\\\/39f3884830dbcf1a163b6451e498af33\",\"name\":\"admin\",\"image\":{\"@type\":\"ImageObject\",\"inLanguage\":\"ca\",\"@id\":\"https:\\\/\\\/secure.gravatar.com\\\/avatar\\\/25f612be354adf42f20fb7a4f7f8abc422e0a2c283a8fe7983d8f177e2281d91?s=96&d=mm&r=g\",\"url\":\"https:\\\/\\\/secure.gravatar.com\\\/avatar\\\/25f612be354adf42f20fb7a4f7f8abc422e0a2c283a8fe7983d8f177e2281d91?s=96&d=mm&r=g\",\"contentUrl\":\"https:\\\/\\\/secure.gravatar.com\\\/avatar\\\/25f612be354adf42f20fb7a4f7f8abc422e0a2c283a8fe7983d8f177e2281d91?s=96&d=mm&r=g\",\"caption\":\"admin\"},\"sameAs\":[\"https:\\\/\\\/albarrio.com\"]}]}<\/script>\n<!-- \/ Yoast SEO plugin. -->","yoast_head_json":{"title":"Referents comunitaris en alimentaci\u00f3 saludable i sostenible: un model innovador | Albarrio","description":"Albarrio \u00e9s una iniciativa que cerca activar referents d'alimentaci\u00f3 saludable i sostenible a nivell de barri. El seu objectiu \u00e9s aconseguir m\u00e9s adhesi\u00f3 a","robots":{"index":"index","follow":"follow","max-snippet":"max-snippet:-1","max-image-preview":"max-image-preview:large","max-video-preview":"max-video-preview:-1"},"canonical":"https:\/\/albarrio.com\/ca\/referents-comunitaris-en-alimentacio-saludable-i-sostenible-un-model-innovador\/","og_locale":"ca_ES","og_type":"article","og_title":"Referents comunitaris en alimentaci\u00f3 saludable i sostenible: un model innovador | Albarrio","og_description":"Albarrio \u00e9s una iniciativa que cerca activar referents d'alimentaci\u00f3 saludable i sostenible a nivell de barri. El seu objectiu \u00e9s aconseguir m\u00e9s adhesi\u00f3 a","og_url":"https:\/\/albarrio.com\/ca\/referents-comunitaris-en-alimentacio-saludable-i-sostenible-un-model-innovador\/","og_site_name":"Albarrio","article_published_time":"2023-11-01T11:42:10+00:00","article_modified_time":"2024-03-22T09:21:44+00:00","og_image":[{"width":1400,"height":787,"url":"https:\/\/albarrio.com\/wp-content\/uploads\/2024\/02\/Albarrio_composicio_2.jpg","type":"image\/jpeg"}],"author":"admin","twitter_card":"summary_large_image","twitter_misc":{"Escrit per":"admin","Temps estimat de lectura":"5 minuts"},"schema":{"@context":"https:\/\/schema.org","@graph":[{"@type":"Article","@id":"https:\/\/albarrio.com\/ca\/referents-comunitaris-en-alimentacio-saludable-i-sostenible-un-model-innovador\/#article","isPartOf":{"@id":"https:\/\/albarrio.com\/ca\/referents-comunitaris-en-alimentacio-saludable-i-sostenible-un-model-innovador\/"},"author":{"name":"admin","@id":"https:\/\/albarrio.com\/ca\/#\/schema\/person\/39f3884830dbcf1a163b6451e498af33"},"headline":"Referents comunitaris en alimentaci\u00f3 saludable i sostenible: un model innovador","datePublished":"2023-11-01T11:42:10+00:00","dateModified":"2024-03-22T09:21:44+00:00","mainEntityOfPage":{"@id":"https:\/\/albarrio.com\/ca\/referents-comunitaris-en-alimentacio-saludable-i-sostenible-un-model-innovador\/"},"wordCount":1006,"commentCount":0,"publisher":{"@id":"https:\/\/albarrio.com\/ca\/#organization"},"image":{"@id":"https:\/\/albarrio.com\/ca\/referents-comunitaris-en-alimentacio-saludable-i-sostenible-un-model-innovador\/#primaryimage"},"thumbnailUrl":"https:\/\/albarrio.com\/wp-content\/uploads\/2024\/02\/Albarrio_composicio_2.jpg","articleSection":["Noticies"],"inLanguage":"ca","potentialAction":[{"@type":"CommentAction","name":"Comment","target":["https:\/\/albarrio.com\/ca\/referents-comunitaris-en-alimentacio-saludable-i-sostenible-un-model-innovador\/#respond"]}]},{"@type":"WebPage","@id":"https:\/\/albarrio.com\/ca\/referents-comunitaris-en-alimentacio-saludable-i-sostenible-un-model-innovador\/","url":"https:\/\/albarrio.com\/ca\/referents-comunitaris-en-alimentacio-saludable-i-sostenible-un-model-innovador\/","name":"Referents comunitaris en alimentaci\u00f3 saludable i sostenible: un model innovador | Albarrio","isPartOf":{"@id":"https:\/\/albarrio.com\/ca\/#website"},"primaryImageOfPage":{"@id":"https:\/\/albarrio.com\/ca\/referents-comunitaris-en-alimentacio-saludable-i-sostenible-un-model-innovador\/#primaryimage"},"image":{"@id":"https:\/\/albarrio.com\/ca\/referents-comunitaris-en-alimentacio-saludable-i-sostenible-un-model-innovador\/#primaryimage"},"thumbnailUrl":"https:\/\/albarrio.com\/wp-content\/uploads\/2024\/02\/Albarrio_composicio_2.jpg","datePublished":"2023-11-01T11:42:10+00:00","dateModified":"2024-03-22T09:21:44+00:00","description":"Albarrio \u00e9s una iniciativa que cerca activar referents d'alimentaci\u00f3 saludable i sostenible a nivell de barri. El seu objectiu \u00e9s aconseguir m\u00e9s adhesi\u00f3 a","breadcrumb":{"@id":"https:\/\/albarrio.com\/ca\/referents-comunitaris-en-alimentacio-saludable-i-sostenible-un-model-innovador\/#breadcrumb"},"inLanguage":"ca","potentialAction":[{"@type":"ReadAction","target":["https:\/\/albarrio.com\/ca\/referents-comunitaris-en-alimentacio-saludable-i-sostenible-un-model-innovador\/"]}]},{"@type":"ImageObject","inLanguage":"ca","@id":"https:\/\/albarrio.com\/ca\/referents-comunitaris-en-alimentacio-saludable-i-sostenible-un-model-innovador\/#primaryimage","url":"https:\/\/albarrio.com\/wp-content\/uploads\/2024\/02\/Albarrio_composicio_2.jpg","contentUrl":"https:\/\/albarrio.com\/wp-content\/uploads\/2024\/02\/Albarrio_composicio_2.jpg","width":1400,"height":787},{"@type":"BreadcrumbList","@id":"https:\/\/albarrio.com\/ca\/referents-comunitaris-en-alimentacio-saludable-i-sostenible-un-model-innovador\/#breadcrumb","itemListElement":[{"@type":"ListItem","position":1,"name":"Portada","item":"https:\/\/albarrio.com\/ca\/"},{"@type":"ListItem","position":2,"name":"Referents comunitaris en alimentaci\u00f3 saludable i sostenible: un model innovador"}]},{"@type":"WebSite","@id":"https:\/\/albarrio.com\/ca\/#website","url":"https:\/\/albarrio.com\/ca\/","name":"Albarrio","description":"Referentes de alimentaci\u00f3n en el barrio","publisher":{"@id":"https:\/\/albarrio.com\/ca\/#organization"},"potentialAction":[{"@type":"SearchAction","target":{"@type":"EntryPoint","urlTemplate":"https:\/\/albarrio.com\/ca\/?s={search_term_string}"},"query-input":{"@type":"PropertyValueSpecification","valueRequired":true,"valueName":"search_term_string"}}],"inLanguage":"ca"},{"@type":"Organization","@id":"https:\/\/albarrio.com\/ca\/#organization","name":"Albarrio","url":"https:\/\/albarrio.com\/ca\/","logo":{"@type":"ImageObject","inLanguage":"ca","@id":"https:\/\/albarrio.com\/ca\/#\/schema\/logo\/image\/","url":"https:\/\/albarrio.com\/wp-content\/uploads\/2024\/02\/cropped-Albarrio-logo-verde.png","contentUrl":"https:\/\/albarrio.com\/wp-content\/uploads\/2024\/02\/cropped-Albarrio-logo-verde.png","width":2237,"height":718,"caption":"Albarrio"},"image":{"@id":"https:\/\/albarrio.com\/ca\/#\/schema\/logo\/image\/"}},{"@type":"Person","@id":"https:\/\/albarrio.com\/ca\/#\/schema\/person\/39f3884830dbcf1a163b6451e498af33","name":"admin","image":{"@type":"ImageObject","inLanguage":"ca","@id":"https:\/\/secure.gravatar.com\/avatar\/25f612be354adf42f20fb7a4f7f8abc422e0a2c283a8fe7983d8f177e2281d91?s=96&d=mm&r=g","url":"https:\/\/secure.gravatar.com\/avatar\/25f612be354adf42f20fb7a4f7f8abc422e0a2c283a8fe7983d8f177e2281d91?s=96&d=mm&r=g","contentUrl":"https:\/\/secure.gravatar.com\/avatar\/25f612be354adf42f20fb7a4f7f8abc422e0a2c283a8fe7983d8f177e2281d91?s=96&d=mm&r=g","caption":"admin"},"sameAs":["https:\/\/albarrio.com"]}]}},"_links":{"self":[{"href":"https:\/\/albarrio.com\/ca\/wp-json\/wp\/v2\/posts\/1265","targetHints":{"allow":["GET"]}}],"collection":[{"href":"https:\/\/albarrio.com\/ca\/wp-json\/wp\/v2\/posts"}],"about":[{"href":"https:\/\/albarrio.com\/ca\/wp-json\/wp\/v2\/types\/post"}],"author":[{"embeddable":true,"href":"https:\/\/albarrio.com\/ca\/wp-json\/wp\/v2\/users\/1"}],"replies":[{"embeddable":true,"href":"https:\/\/albarrio.com\/ca\/wp-json\/wp\/v2\/comments?post=1265"}],"version-history":[{"count":0,"href":"https:\/\/albarrio.com\/ca\/wp-json\/wp\/v2\/posts\/1265\/revisions"}],"wp:featuredmedia":[{"embeddable":true,"href":"https:\/\/albarrio.com\/ca\/wp-json\/wp\/v2\/media\/41"}],"wp:attachment":[{"href":"https:\/\/albarrio.com\/ca\/wp-json\/wp\/v2\/media?parent=1265"}],"wp:term":[{"taxonomy":"category","embeddable":true,"href":"https:\/\/albarrio.com\/ca\/wp-json\/wp\/v2\/categories?post=1265"},{"taxonomy":"post_tag","embeddable":true,"href":"https:\/\/albarrio.com\/ca\/wp-json\/wp\/v2\/tags?post=1265"}],"curies":[{"name":"wp","href":"https:\/\/api.w.org\/{rel}","templated":true}]}}